{"id":19554,"date":"2019-12-21T20:43:32","date_gmt":"2019-12-21T20:43:32","guid":{"rendered":"http:\/\/organicplanner.com\/?p=19455"},"modified":"2019-12-21T20:43:32","modified_gmt":"2019-12-21T20:43:32","slug":"mascarilla-de-avena-y-limon-para-aclarar-tu-piel-en-tan-solo-7-dias","status":"publish","type":"post","link":"https:\/\/mrhealthyalternative.com\/?p=19554","title":{"rendered":"Mascarilla de avena y lim\u00f3n para aclarar tu piel en tan s\u00f3lo 7 d\u00edas"},"content":{"rendered":"<div class=\"63d509947b33dea96ed9a09b2482b63d\" data-index=\"1\" style=\"float: none; margin:10px 0 10px 0; text-align:center;\">\n<div data-type=\"_mgwidget\" data-widget-id=\"1554417\">\r\n<\/div>\r\n<script>(function(w,q){w[q]=w[q]||[];w[q].push([\"_mgc.load\"])})(window,\"_mgq\");\r\n<\/script>\r\n\n<\/div>\n<p><strong>Olv\u00eddate del l\u00e1ser para aclarar tu piel<\/strong>\u00a0con esta beneficiosa combinaci\u00f3n en esta mascarilla de avena y lim\u00f3n podr\u00e1s ver los resultados en tan solo 7 d\u00edas!<img loading=\"lazy\" decoding=\"async\" class=\"jetpack-lazy-image jetpack-lazy-image--handled\" src=\"https:\/\/i0.wp.com\/vervideoaqui.com\/wp-content\/uploads\/2016\/10\/mascarilla-de-avena-y-limon-p.jpg?resize=0%2C0\" alt=\"Mascarilla de avena y lim\u00f3n para aclarar tu piel en tan s\u00f3lo 7 d\u00edas\" width=\"0\" height=\"0\" data-recalc-dims=\"1\" data-lazy-loaded=\"1\" \/><br \/>\n<strong>Hay muchos factores que pueden causar la aparici\u00f3n de manchas en la piel,<\/strong>\u00a0especialmente en el rostro , provocando que el tono de la piel se vaya oscureciendo a medida que transcurre el tiempo. Entre estos podemos citar: la exposici\u00f3n solar, los cambios hormonales, los factores ambientales y los malos h\u00e1bitos.<\/p>\n<p><strong>La avena es un ingrediente natural<\/strong>\u00a0que proporciona una poderosa acci\u00f3n limpiadora. Absorbe toda la suciedad y residuos que se acumulan en los poros ofreciendo una limpieza profunda.<\/p>\n<p><strong>El lim\u00f3n es un remedio popular para aclarar la piel,<\/strong>\u00a0quitar manchas de la edad y pecas, eliminar exceso de grasa en la cara y cerrar los poros. Contiene vitamina C, un antioxidante que ayuda a reducir la apariencia de l\u00edneas finas y arrugas y adem\u00e1s estimula la producci\u00f3n de col\u00e1geno.<\/p>\n<p><strong>Al unir estos dos ingredientes obtenemos la combinaci\u00f3n perfecta<\/strong>\u00a0para aclarar y limpiar tu piel de una forma natural y con resultados visibles casi de inmediato.<\/p>\n<div align=\"center\"><\/div>\n<p><strong>C\u00f3mo hacerlo<br \/>\n<\/strong><br \/>\n<strong>Ingredientes:<\/strong><br \/>\n+ el jugo de un lim\u00f3n grande, preferiblemente reci\u00e9n exprimido.<br \/>\n+ avena Molida.<\/p>\n<p><strong>Preparaci\u00f3n<\/strong><br \/>\n<strong>1.<\/strong>\u00a0Vamos a unir el jugo de lim\u00f3n con la Avena, hasta formar una pasta homog\u00e9nea y suave.<br \/>\n<strong>2.<\/strong>\u00a0La forma de usarla es aplicarla directamente sobre el rostro limpio, extendi\u00e9ndose con la ayuda de una brocha. Debes dejarla actuar por lo menos 20 minutos. Transcurrido este tiempo, retira la mascarilla con abundante agua clara y con la ayuda de un jab\u00f3n para el rostro.<br \/>\n<strong>3.<\/strong>\u00a0Usa esta mascarilla 2 veces por semana.<\/p>\n<p><strong>Recomendaciones<\/strong><br \/>\n<strong>1.<\/strong>\u00a0Es recomendable que uses esta mascarilla durante la noche y con el rostro limpio.<br \/>\n<strong>2.<\/strong>\u00a0No debes exponer tu piel al sol cuando la uses para evitar obtener el efecto contrario, pues podr\u00edas mancharte por el sol.<\/p>\n\n<div style=\"font-size: 0px; height: 0px; line-height: 0px; margin: 0; padding: 0; clear: both;\"><\/div>","protected":false},"excerpt":{"rendered":"<p>Olv\u00eddate del l\u00e1ser para aclarar tu piel\u00a0con esta beneficiosa combinaci\u00f3n en esta mascarilla de avena y lim\u00f3n podr\u00e1s ver los resultados en tan solo 7 d\u00edas! Hay muchos factores que pueden causar la aparici\u00f3n de manchas en la piel,\u00a0especialmente en el rostro , provocando que el tono de la piel se vaya oscureciendo a medida &#8230; <a title=\"Mascarilla de avena y lim\u00f3n para aclarar tu piel en tan s\u00f3lo 7 d\u00edas\" class=\"read-more\" href=\"https:\/\/mrhealthyalternative.com\/?p=19554\" aria-label=\"Read more about Mascarilla de avena y lim\u00f3n para aclarar tu piel en tan s\u00f3lo 7 d\u00edas\">Read more<\/a><\/p>\n","protected":false},"author":1,"featured_media":19460,"comment_status":"closed","ping_status":"closed","sticky":false,"template":"","format":"standard","meta":{"om_disable_all_campaigns":false,"_monsterinsights_skip_tracking":false,"_monsterinsights_sitenote_active":false,"_monsterinsights_sitenote_note":"","_monsterinsights_sitenote_category":0,"footnotes":""},"categories":[52],"tags":[],"class_list":["post-19554","post","type-post","status-publish","format-standard","has-post-thumbnail","hentry","category-old-natural-remedies-box"],"aioseo_notices":[],"_links":{"self":[{"href":"https:\/\/mrhealthyalternative.com\/index.php?rest_route=\/wp\/v2\/posts\/19554","targetHints":{"allow":["GET"]}}],"collection":[{"href":"https:\/\/mrhealthyalternative.com\/index.php?rest_route=\/wp\/v2\/posts"}],"about":[{"href":"https:\/\/mrhealthyalternative.com\/index.php?rest_route=\/wp\/v2\/types\/post"}],"author":[{"embeddable":true,"href":"https:\/\/mrhealthyalternative.com\/index.php?rest_route=\/wp\/v2\/users\/1"}],"replies":[{"embeddable":true,"href":"https:\/\/mrhealthyalternative.com\/index.php?rest_route=%2Fwp%2Fv2%2Fcomments&post=19554"}],"version-history":[{"count":0,"href":"https:\/\/mrhealthyalternative.com\/index.php?rest_route=\/wp\/v2\/posts\/19554\/revisions"}],"wp:featuredmedia":[{"embeddable":true,"href":"https:\/\/mrhealthyalternative.com\/index.php?rest_route=\/"}],"wp:attachment":[{"href":"https:\/\/mrhealthyalternative.com\/index.php?rest_route=%2Fwp%2Fv2%2Fmedia&parent=19554"}],"wp:term":[{"taxonomy":"category","embeddable":true,"href":"https:\/\/mrhealthyalternative.com\/index.php?rest_route=%2Fwp%2Fv2%2Fcategories&post=19554"},{"taxonomy":"post_tag","embeddable":true,"href":"https:\/\/mrhealthyalternative.com\/index.php?rest_route=%2Fwp%2Fv2%2Ftags&post=19554"}],"curies":[{"name":"wp","href":"https:\/\/api.w.org\/{rel}","templated":true}]}}